{"id":9179,"date":"2022-05-30T15:43:56","date_gmt":"2022-05-30T18:43:56","guid":{"rendered":"http:\/\/inesmoreno.com.ar\/estudio\/?p=5961"},"modified":"2023-01-06T09:32:02","modified_gmt":"2023-01-06T12:32:02","slug":"prof-ines-moreno-en-uruguay","status":"publish","type":"post","link":"https:\/\/estudioinesmoreno.com.ar\/estudio\/prof-ines-moreno-en-uruguay\/","title":{"rendered":"Prof. In\u00e9s Moreno en URUGUAY"},"content":{"rendered":"\n<figure class=\"wp-block-image size-full\"><img fetchpriority=\"high\" decoding=\"async\" width=\"940\" height=\"788\" src=\"https:\/\/estudioinesmoreno.com.ar\/estudio\/wp-content\/uploads\/uruguay.png\" alt=\"\" class=\"wp-image-9308\" srcset=\"https:\/\/estudioinesmoreno.com.ar\/estudio\/wp-content\/uploads\/uruguay.png 940w, https:\/\/estudioinesmoreno.com.ar\/estudio\/wp-content\/uploads\/uruguay-300x251.png 300w, https:\/\/estudioinesmoreno.com.ar\/estudio\/wp-content\/uploads\/uruguay-768x644.png 768w\" sizes=\"(max-width: 940px) 100vw, 940px\" \/><\/figure>\n\n\n<p>9 y 16 de Junio brindar\u00e1 dos clases en el DIPLOMADO INTERNACIONAL de EDUCACI\u00d3N ART\u00cdSTICA que tiene su sede en URUGUAY<\/p>","protected":false},"excerpt":{"rendered":"<p>9 y 16 de Junio brindar\u00e1 dos clases en el DIPLOMADO INTERNACIONAL de EDUCACI\u00d3N ART\u00cdSTICA que tiene su sede en URUGUAY<\/p>\n","protected":false},"author":1,"featured_media":9308,"comment_status":"closed","ping_status":"closed","sticky":false,"template":"","format":"standard","meta":{"_joinchat":[],"footnotes":""},"categories":[50],"tags":[],"class_list":["post-9179","post","type-post","status-publish","format-standard","has-post-thumbnail","hentry","category-novedades","category-50","description-off"],"_links":{"self":[{"href":"https:\/\/estudioinesmoreno.com.ar\/estudio\/wp-json\/wp\/v2\/posts\/9179","targetHints":{"allow":["GET"]}}],"collection":[{"href":"https:\/\/estudioinesmoreno.com.ar\/estudio\/wp-json\/wp\/v2\/posts"}],"about":[{"href":"https:\/\/estudioinesmoreno.com.ar\/estudio\/wp-json\/wp\/v2\/types\/post"}],"author":[{"embeddable":true,"href":"https:\/\/estudioinesmoreno.com.ar\/estudio\/wp-json\/wp\/v2\/users\/1"}],"replies":[{"embeddable":true,"href":"https:\/\/estudioinesmoreno.com.ar\/estudio\/wp-json\/wp\/v2\/comments?post=9179"}],"version-history":[{"count":2,"href":"https:\/\/estudioinesmoreno.com.ar\/estudio\/wp-json\/wp\/v2\/posts\/9179\/revisions"}],"predecessor-version":[{"id":9309,"href":"https:\/\/estudioinesmoreno.com.ar\/estudio\/wp-json\/wp\/v2\/posts\/9179\/revisions\/9309"}],"wp:featuredmedia":[{"embeddable":true,"href":"https:\/\/estudioinesmoreno.com.ar\/estudio\/wp-json\/wp\/v2\/media\/9308"}],"wp:attachment":[{"href":"https:\/\/estudioinesmoreno.com.ar\/estudio\/wp-json\/wp\/v2\/media?parent=9179"}],"wp:term":[{"taxonomy":"category","embeddable":true,"href":"https:\/\/estudioinesmoreno.com.ar\/estudio\/wp-json\/wp\/v2\/categories?post=9179"},{"taxonomy":"post_tag","embeddable":true,"href":"https:\/\/estudioinesmoreno.com.ar\/estudio\/wp-json\/wp\/v2\/tags?post=9179"}],"curies":[{"name":"wp","href":"https:\/\/api.w.org\/{rel}","templated":true}]}}