{"id":8972,"date":"2017-08-11T15:58:05","date_gmt":"2017-08-11T18:58:05","guid":{"rendered":"http:\/\/inesmoreno.com.ar\/estudio\/?p=5085"},"modified":"2023-02-16T20:35:54","modified_gmt":"2023-02-16T23:35:54","slug":"busqueda-para-seleccion-de-directora-ciclo-2018-nivel-primario","status":"publish","type":"post","link":"https:\/\/estudioinesmoreno.com.ar\/estudio\/busqueda-para-seleccion-de-directora-ciclo-2018-nivel-primario\/","title":{"rendered":"B\u00daSQUEDA para SELECCI\u00d3N de DIRECTOR\/A  ciclo 2018- nivel PRIMARIO"},"content":{"rendered":"<p>El <strong>estudio in\u00e9s moreno<\/strong> se encuentra en la B\u00daSQUEDA<\/p>\n<p>&nbsp;<\/p>\n<p><strong>CARGO DIRECTOR\/A \u2013 Nivel PRIMARIO<\/strong><\/p>\n<p>Ciclo Lectivo 2018<br \/>\nColegiales (CABA)<\/p>\n<p><u>Requisitos<\/u>:<\/p>\n<p><strong>&nbsp;<\/strong><\/p>\n<ul>\n<li>TITULO HABILITANTE (excluyente)<\/li>\n<\/ul>\n<p>&nbsp;<\/p>\n<ul>\n<li>Experiencia en cargos de conducci\u00f3n-coordinaci\u00f3n<\/li>\n<\/ul>\n<p>&nbsp;<\/p>\n<ul>\n<li>Competencias referidas a la gesti\u00f3n y conducci\u00f3n de toda la comunidad escolar<\/li>\n<\/ul>\n<p>&nbsp;<\/p>\n<p>&#8211;&nbsp;&nbsp;&nbsp;&nbsp;&nbsp; Capacidad para promover una did\u00e1ctica innovadora y proyectos que promuevan la formaci\u00f3n de<\/p>\n<p>valores humanos, reflexi\u00f3n, respeto y responsabilidad<\/p>\n<ul>\n<li><strong>Capacidad para organizar y supervisar talleres y actividades extracurriculares en turno tarde<\/strong><\/li>\n<\/ul>\n<p>&nbsp;<\/p>\n<p><u>Horario a cumplir<\/u>: Jornada Completa<\/p>\n<p>&nbsp;<\/p>\n<p><u>Presentar por escrito (REF- 2327)<\/u> :<\/p>\n<p>&nbsp;<\/p>\n<ul>\n<li>CV<\/li>\n<li>Carta manuscrita&nbsp; ( presentaci\u00f3n y expectativas)<\/li>\n<\/ul>\n<p>&#8211; en forma personal&nbsp;de lunes a jueves de 14 a&nbsp;19.30 horas en Virrey del Pino 2365 1\u00ba C<\/p>\n<p>&#8211; o por correo electr\u00f3nico a <a href=\"mailto:estudio@inesmoreno.com.ar\">estudio@inesmoreno.com.ar<\/a>&nbsp; y&nbsp; <a href=\"mailto:paraseleccion1@gmail.com\">paraseleccion1@gmail.com<\/a><\/p>\n<p>(<strong>enviar a <u>ambas<\/u> direcciones)<\/strong><\/p>\n<p><strong><u>Fecha L\u00edmite<\/u><\/strong><strong>: jueves 28 de setiembre<\/strong><\/p>\n<p><strong>estudio in\u00e9s moreno<\/strong><\/p>\n<p><strong><em>1977-2017- Desde hace 40 a\u00f1os: <\/em><\/strong><em><strong>\u00abUn lugar para&nbsp;vivenciar, pensar, crear, crecer, como personas, como profesionales\u00bb<\/strong><\/em><strong><em>&nbsp;<\/em><\/strong><\/p>\n<p><strong>VIRREY DEL PINO 2365 primer piso \u00abC\u00bb<\/strong><\/p>\n<p><strong>TEFAX 4785 3273<\/strong><\/p>\n<p><strong>(054-11) 15 66927891<\/strong><\/p>\n<p><strong>www.inesmoreno.com.ar<\/strong><\/p>\n<p><strong><a href=\"mailto:contacto@inesmoreno.com.ar\">contacto@inesmoreno.com.ar<\/a><\/strong><\/p>\n<p><strong><a href=\"mailto:estudio@inesmoreno.com.ar\">estudio@inesmoreno.com.ar<\/a>&nbsp;<\/strong><\/p>\n<p><strong>S\u00edganos en <\/strong><strong>FacebooK<\/strong> <strong>estudio ines moreno<\/strong><\/p>\n<p><strong>Canal Youtube estudio ines moreno<\/strong><\/p>\n","protected":false},"excerpt":{"rendered":"<p>El estudio in\u00e9s moreno se encuentra en la B\u00daSQUEDA &nbsp; CARGO DIRECTOR\/A \u2013 Nivel PRIMARIO Ciclo Lectivo 2018 Colegiales (CABA) Requisitos: &nbsp; TITULO HABILITANTE (excluyente) &nbsp; Experiencia en cargos de conducci\u00f3n-coordinaci\u00f3n &nbsp; Competencias referidas a la gesti\u00f3n y conducci\u00f3n de toda la comunidad escolar &nbsp; &#8211;&nbsp;&nbsp;&nbsp;&nbsp;&nbsp; Capacidad para promover una did\u00e1ctica innovadora y proyectos que&hellip;<\/p>\n","protected":false},"author":1,"featured_media":10064,"comment_status":"closed","ping_status":"closed","sticky":false,"template":"","format":"standard","meta":{"_joinchat":[],"footnotes":""},"categories":[50],"tags":[38,39,40,41],"class_list":["post-8972","post","type-post","status-publish","format-standard","has-post-thumbnail","hentry","category-novedades","tag-busqueda-y-seleccion","tag-directora","tag-estudio-ines-moreno","tag-nivel-primario","category-50","description-off"],"_links":{"self":[{"href":"https:\/\/estudioinesmoreno.com.ar\/estudio\/wp-json\/wp\/v2\/posts\/8972","targetHints":{"allow":["GET"]}}],"collection":[{"href":"https:\/\/estudioinesmoreno.com.ar\/estudio\/wp-json\/wp\/v2\/posts"}],"about":[{"href":"https:\/\/estudioinesmoreno.com.ar\/estudio\/wp-json\/wp\/v2\/types\/post"}],"author":[{"embeddable":true,"href":"https:\/\/estudioinesmoreno.com.ar\/estudio\/wp-json\/wp\/v2\/users\/1"}],"replies":[{"embeddable":true,"href":"https:\/\/estudioinesmoreno.com.ar\/estudio\/wp-json\/wp\/v2\/comments?post=8972"}],"version-history":[{"count":2,"href":"https:\/\/estudioinesmoreno.com.ar\/estudio\/wp-json\/wp\/v2\/posts\/8972\/revisions"}],"predecessor-version":[{"id":10065,"href":"https:\/\/estudioinesmoreno.com.ar\/estudio\/wp-json\/wp\/v2\/posts\/8972\/revisions\/10065"}],"wp:featuredmedia":[{"embeddable":true,"href":"https:\/\/estudioinesmoreno.com.ar\/estudio\/wp-json\/wp\/v2\/media\/10064"}],"wp:attachment":[{"href":"https:\/\/estudioinesmoreno.com.ar\/estudio\/wp-json\/wp\/v2\/media?parent=8972"}],"wp:term":[{"taxonomy":"category","embeddable":true,"href":"https:\/\/estudioinesmoreno.com.ar\/estudio\/wp-json\/wp\/v2\/categories?post=8972"},{"taxonomy":"post_tag","embeddable":true,"href":"https:\/\/estudioinesmoreno.com.ar\/estudio\/wp-json\/wp\/v2\/tags?post=8972"}],"curies":[{"name":"wp","href":"https:\/\/api.w.org\/{rel}","templated":true}]}}