{"id":13820,"date":"2026-03-18T19:59:44","date_gmt":"2026-03-18T22:59:44","guid":{"rendered":"https:\/\/estudioinesmoreno.com.ar\/estudio\/?p=13820"},"modified":"2026-03-18T19:59:45","modified_gmt":"2026-03-18T22:59:45","slug":"13820-2","status":"publish","type":"post","link":"https:\/\/estudioinesmoreno.com.ar\/estudio\/13820-2\/","title":{"rendered":"\u00a0"},"content":{"rendered":"\n<p>FRECUENCIA ASERTIVA.<br>dise\u00f1\u00e1 tu comunicaci\u00f3n de IMPACTO.<\/p>\n\n\n\n<figure class=\"wp-block-image size-large\"><img fetchpriority=\"high\" decoding=\"async\" width=\"819\" height=\"1024\" src=\"https:\/\/estudioinesmoreno.com.ar\/estudio\/wp-content\/uploads\/2026\/03\/FRECUENCIA-ASERTIVA-819x1024.png\" alt=\"\" class=\"wp-image-13821\" srcset=\"https:\/\/estudioinesmoreno.com.ar\/estudio\/wp-content\/uploads\/2026\/03\/FRECUENCIA-ASERTIVA-819x1024.png 819w, https:\/\/estudioinesmoreno.com.ar\/estudio\/wp-content\/uploads\/2026\/03\/FRECUENCIA-ASERTIVA-240x300.png 240w, https:\/\/estudioinesmoreno.com.ar\/estudio\/wp-content\/uploads\/2026\/03\/FRECUENCIA-ASERTIVA-768x960.png 768w, https:\/\/estudioinesmoreno.com.ar\/estudio\/wp-content\/uploads\/2026\/03\/FRECUENCIA-ASERTIVA.png 1080w\" sizes=\"(max-width: 819px) 100vw, 819px\" \/><\/figure>\n\n\n\n<p><br>La comunicaci\u00f3n asertiva no es solo una forma de hablar, es<br>una actitud personal positiva y una v\u00eda adecuada para<br>interactuar con los dem\u00e1s.<br>Este curso propone un entrenamiento para dejar de lado los<br>extremos, transformando la comunicaci\u00f3n en una<br>herramienta clave para la resoluci\u00f3n de conflictos.<br>En este curso aprender\u00e1s a\u2026<\/p>\n\n\n\n<ul class=\"wp-block-list\">\n<li>Los 9 pilares de la asertividad: Entrenamiento en escucha activa,<br>argumentaci\u00f3n, empat\u00eda y autoconocimiento.<\/li>\n\n\n\n<li>Dominar el lenguaje no verbal: C\u00f3mo manifestar una postura<br>asertiva a trav\u00e9s de los gestos y la corporalidad.<\/li>\n\n\n\n<li>T\u00e9cnicas para mantener a raya las emociones y evitar que la<br>activaci\u00f3n emocional interrumpa la comunicaci\u00f3n.<\/li>\n\n\n\n<li>C\u00f3mo expresar tus necesidades y deseos de forma adecuada y sin<br>juzgar al otro.<\/li>\n\n\n\n<li>Identificar y desactivar el uso de absolutos los sermones y el<br>\u00absincericidio\u00bb.<\/li>\n\n\n\n<li>Sustituir los juicios y castigos por la expresi\u00f3n honesta de c\u00f3mo<br>te sent\u00eds y qu\u00e9 necesit\u00e1s.<br>Este curso es para vos si\u2026<\/li>\n\n\n\n<li>Busc\u00e1s mejorar tus relaciones interpersonales y reducir el estr\u00e9s o<br>el dolor que generan los malentendidos.<\/li>\n\n\n\n<li>Necesit\u00e1s herramientas para actuar a favor de tus propios<br>intereses sin sentirte culpable o equivocado.<\/li>\n\n\n\n<li>Quer\u00e9s aumentar tu autoconfianza y la sensaci\u00f3n de control<br>sobre vos mismo y tu entorno.<\/li>\n\n\n\n<li>Dese\u00e1s aprender a poner l\u00edmites claros de manera firme<br>pero respetuosa.<\/li>\n\n\n\n<li><br><br>Metodolog\u00eda:<br>Se utilizar\u00e1n t\u00e9cnicas l\u00fadicas y no convencionales para vivenciar cada<br>herramienta y marco te\u00f3rico para propiciar la transferencia. Se entrega<br>material de trabajo.<\/li>\n\n\n\n<li><br>Jueves 26 y Viernes 27 de Marzo de 18 a 20hs<\/li>\n\n\n\n<li><br>Modalidad ONLINE.Sincr\u00f3nico e Interactivo.<br>Valor $ 50000<br><br>IMPRESCINDIBLE INSCRIPCI\u00d3N PREVIA<br>Contacto: WhatsApp (054-11) 15 66927891 estudio@inesmoreno.com.ar<br>estudio in\u00e9s moreno<br>1977-2026 Desde hace 49a\u00f1os:<br>\u00abUn lugar para vivenciar, pensar, crear, crecer,<br>como personas, como profesionales\u201d<\/li>\n<\/ul>\n\n\n\n<p><\/p>\n","protected":false},"excerpt":{"rendered":"<p>FRECUENCIA ASERTIVA.dise\u00f1\u00e1 tu comunicaci\u00f3n de IMPACTO. La comunicaci\u00f3n asertiva no es solo una forma de hablar, esuna actitud personal positiva y una v\u00eda adecuada parainteractuar con los dem\u00e1s.Este curso propone un entrenamiento para dejar de lado losextremos, transformando la comunicaci\u00f3n en unaherramienta clave para la resoluci\u00f3n de conflictos.En este curso aprender\u00e1s a\u2026<\/p>\n","protected":false},"author":8,"featured_media":13821,"comment_status":"closed","ping_status":"closed","sticky":false,"template":"","format":"standard","meta":{"_joinchat":[],"footnotes":""},"categories":[1],"tags":[],"class_list":["post-13820","post","type-post","status-publish","format-standard","has-post-thumbnail","hentry","category-sin-categoria","category-1","description-off"],"_links":{"self":[{"href":"https:\/\/estudioinesmoreno.com.ar\/estudio\/wp-json\/wp\/v2\/posts\/13820","targetHints":{"allow":["GET"]}}],"collection":[{"href":"https:\/\/estudioinesmoreno.com.ar\/estudio\/wp-json\/wp\/v2\/posts"}],"about":[{"href":"https:\/\/estudioinesmoreno.com.ar\/estudio\/wp-json\/wp\/v2\/types\/post"}],"author":[{"embeddable":true,"href":"https:\/\/estudioinesmoreno.com.ar\/estudio\/wp-json\/wp\/v2\/users\/8"}],"replies":[{"embeddable":true,"href":"https:\/\/estudioinesmoreno.com.ar\/estudio\/wp-json\/wp\/v2\/comments?post=13820"}],"version-history":[{"count":1,"href":"https:\/\/estudioinesmoreno.com.ar\/estudio\/wp-json\/wp\/v2\/posts\/13820\/revisions"}],"predecessor-version":[{"id":13822,"href":"https:\/\/estudioinesmoreno.com.ar\/estudio\/wp-json\/wp\/v2\/posts\/13820\/revisions\/13822"}],"wp:featuredmedia":[{"embeddable":true,"href":"https:\/\/estudioinesmoreno.com.ar\/estudio\/wp-json\/wp\/v2\/media\/13821"}],"wp:attachment":[{"href":"https:\/\/estudioinesmoreno.com.ar\/estudio\/wp-json\/wp\/v2\/media?parent=13820"}],"wp:term":[{"taxonomy":"category","embeddable":true,"href":"https:\/\/estudioinesmoreno.com.ar\/estudio\/wp-json\/wp\/v2\/categories?post=13820"},{"taxonomy":"post_tag","embeddable":true,"href":"https:\/\/estudioinesmoreno.com.ar\/estudio\/wp-json\/wp\/v2\/tags?post=13820"}],"curies":[{"name":"wp","href":"https:\/\/api.w.org\/{rel}","templated":true}]}}