{"id":11727,"date":"2023-10-11T13:05:26","date_gmt":"2023-10-11T16:05:26","guid":{"rendered":"https:\/\/estudioinesmoreno.com.ar\/estudio\/?p=11727"},"modified":"2023-10-31T12:19:34","modified_gmt":"2023-10-31T15:19:34","slug":"nuevo-libro-el-facilitador-conduccionde-grupos","status":"publish","type":"post","link":"https:\/\/estudioinesmoreno.com.ar\/estudio\/nuevo-libro-el-facilitador-conduccionde-grupos\/","title":{"rendered":"NUEVO LIBRO!!! El Facilitador &#8211; Conducci\u00f3n De Grupos"},"content":{"rendered":"\t\t<div data-elementor-type=\"wp-post\" data-elementor-id=\"11727\" class=\"elementor elementor-11727\" data-elementor-post-type=\"post\">\n\t\t\t\t\t\t<section class=\"elementor-section elementor-top-section elementor-element elementor-element-20837df elementor-section-boxed elementor-section-height-default elementor-section-height-default\" data-id=\"20837df\" data-element_type=\"section\" data-e-type=\"section\">\n\t\t\t\t\t\t<div class=\"elementor-container elementor-column-gap-default\">\n\t\t\t\t\t<div class=\"elementor-column elementor-col-100 elementor-top-column elementor-element elementor-element-bd2a6dd\" data-id=\"bd2a6dd\" data-element_type=\"column\" data-e-type=\"column\">\n\t\t\t<div class=\"elementor-widget-wrap elementor-element-populated\">\n\t\t\t\t\t\t<div class=\"elementor-element elementor-element-f043165 elementor-widget elementor-widget-text-editor\" data-id=\"f043165\" data-element_type=\"widget\" data-e-type=\"widget\" data-widget_type=\"text-editor.default\">\n\t\t\t\t<div class=\"elementor-widget-container\">\n\t\t\t\t\t\t\t\t\t<p><strong><img fetchpriority=\"high\" decoding=\"async\" class=\"alignleft wp-image-11584 size-medium\" src=\"https:\/\/estudioinesmoreno.com.ar\/estudio\/wp-content\/uploads\/2023\/10\/El-Facilitador-Conduccion-de-grupos-205x300.jpg\" alt=\"El Facilitador - Conducci\u00f3n de Grupos\" width=\"205\" height=\"300\" srcset=\"https:\/\/estudioinesmoreno.com.ar\/estudio\/wp-content\/uploads\/2023\/10\/El-Facilitador-Conduccion-de-grupos-205x300.jpg 205w, https:\/\/estudioinesmoreno.com.ar\/estudio\/wp-content\/uploads\/2023\/10\/El-Facilitador-Conduccion-de-grupos-698x1024.jpg 698w, https:\/\/estudioinesmoreno.com.ar\/estudio\/wp-content\/uploads\/2023\/10\/El-Facilitador-Conduccion-de-grupos-768x1126.jpg 768w, https:\/\/estudioinesmoreno.com.ar\/estudio\/wp-content\/uploads\/2023\/10\/El-Facilitador-Conduccion-de-grupos-1048x1536.jpg 1048w, https:\/\/estudioinesmoreno.com.ar\/estudio\/wp-content\/uploads\/2023\/10\/El-Facilitador-Conduccion-de-grupos-1397x2048.jpg 1397w, https:\/\/estudioinesmoreno.com.ar\/estudio\/wp-content\/uploads\/2023\/10\/El-Facilitador-Conduccion-de-grupos-scaled.jpg 1746w\" sizes=\"(max-width: 205px) 100vw, 205px\" \/><\/strong><a href=\"https:\/\/estudioinesmoreno.com.ar\/estudio\/libros\/el-facilitador-conduccion-de-grupos\/\">El Facilitador\u00a0<br \/>Conducci\u00f3n De Grupos<\/a>\u00a0(2023)<\/p><p>La Prof. In\u00e9s Moreno vuelca en este libro el fruto de m\u00e1s de 40 a\u00f1os de trabajo en la Formaci\u00f3n de Profesionales que facilitan actividades en los grupos. En escasas ocasiones se encuentra una visi\u00f3n integradora y articulada entre el pensar, sentir y hacer de los facilitadores, que incluya praxis y teor\u00eda en un lenguaje coloquial.\u00a0<\/p>\t\t\t\t\t\t\t\t<\/div>\n\t\t\t\t<\/div>\n\t\t\t\t\t<\/div>\n\t\t<\/div>\n\t\t\t\t\t<\/div>\n\t\t<\/section>\n\t\t\t\t<section class=\"elementor-section elementor-top-section elementor-element elementor-element-123d950 elementor-section-boxed elementor-section-height-default elementor-section-height-default\" data-id=\"123d950\" data-element_type=\"section\" data-e-type=\"section\">\n\t\t\t\t\t\t<div class=\"elementor-container elementor-column-gap-default\">\n\t\t\t\t\t<div class=\"elementor-column elementor-col-100 elementor-top-column elementor-element elementor-element-defbafd\" data-id=\"defbafd\" data-element_type=\"column\" data-e-type=\"column\">\n\t\t\t<div class=\"elementor-widget-wrap elementor-element-populated\">\n\t\t\t\t\t\t<div class=\"elementor-element elementor-element-520d061 elementor-widget elementor-widget-text-editor\" data-id=\"520d061\" data-element_type=\"widget\" data-e-type=\"widget\" data-widget_type=\"text-editor.default\">\n\t\t\t\t<div class=\"elementor-widget-container\">\n\t\t\t\t\t\t\t\t\t<p style=\"text-align: right;\"><a href=\"https:\/\/estudioinesmoreno.com.ar\/estudio\/libros\/el-facilitador-conduccion-de-grupos\/\">Ver M\u00e1s<\/a><\/p>\t\t\t\t\t\t\t\t<\/div>\n\t\t\t\t<\/div>\n\t\t\t\t\t<\/div>\n\t\t<\/div>\n\t\t\t\t\t<\/div>\n\t\t<\/section>\n\t\t\t\t<\/div>\n\t\t","protected":false},"excerpt":{"rendered":"<p>El Facilitador\u00a0Conducci\u00f3n De Grupos\u00a0(2023) La Prof. In\u00e9s Moreno vuelca en este libro el fruto de m\u00e1s de 40 a\u00f1os de trabajo en la Formaci\u00f3n de Profesionales que facilitan actividades en los grupos. En escasas ocasiones se encuentra una visi\u00f3n integradora y articulada entre el pensar, sentir y hacer de los facilitadores, que incluya praxis y&hellip;<\/p>\n","protected":false},"author":1,"featured_media":11738,"comment_status":"closed","ping_status":"closed","sticky":false,"template":"","format":"standard","meta":{"_joinchat":[],"footnotes":""},"categories":[50],"tags":[],"class_list":["post-11727","post","type-post","status-publish","format-standard","has-post-thumbnail","hentry","category-novedades"],"_links":{"self":[{"href":"https:\/\/estudioinesmoreno.com.ar\/estudio\/wp-json\/wp\/v2\/posts\/11727","targetHints":{"allow":["GET"]}}],"collection":[{"href":"https:\/\/estudioinesmoreno.com.ar\/estudio\/wp-json\/wp\/v2\/posts"}],"about":[{"href":"https:\/\/estudioinesmoreno.com.ar\/estudio\/wp-json\/wp\/v2\/types\/post"}],"author":[{"embeddable":true,"href":"https:\/\/estudioinesmoreno.com.ar\/estudio\/wp-json\/wp\/v2\/users\/1"}],"replies":[{"embeddable":true,"href":"https:\/\/estudioinesmoreno.com.ar\/estudio\/wp-json\/wp\/v2\/comments?post=11727"}],"version-history":[{"count":16,"href":"https:\/\/estudioinesmoreno.com.ar\/estudio\/wp-json\/wp\/v2\/posts\/11727\/revisions"}],"predecessor-version":[{"id":12005,"href":"https:\/\/estudioinesmoreno.com.ar\/estudio\/wp-json\/wp\/v2\/posts\/11727\/revisions\/12005"}],"wp:featuredmedia":[{"embeddable":true,"href":"https:\/\/estudioinesmoreno.com.ar\/estudio\/wp-json\/wp\/v2\/media\/11738"}],"wp:attachment":[{"href":"https:\/\/estudioinesmoreno.com.ar\/estudio\/wp-json\/wp\/v2\/media?parent=11727"}],"wp:term":[{"taxonomy":"category","embeddable":true,"href":"https:\/\/estudioinesmoreno.com.ar\/estudio\/wp-json\/wp\/v2\/categories?post=11727"},{"taxonomy":"post_tag","embeddable":true,"href":"https:\/\/estudioinesmoreno.com.ar\/estudio\/wp-json\/wp\/v2\/tags?post=11727"}],"curies":[{"name":"wp","href":"https:\/\/api.w.org\/{rel}","templated":true}]}}